{"id":6453,"date":"2026-03-13T17:17:50","date_gmt":"2026-03-13T20:17:50","guid":{"rendered":"https:\/\/avantesocial.org.br\/?p=6453"},"modified":"2026-03-13T17:19:54","modified_gmt":"2026-03-13T20:19:54","slug":"profissional-do-hospital-conde-modesto-leal-representara-marica-e-o-instituto-avante-social-em-congresso-latino-americano-de-cuidados-paliativos","status":"publish","type":"post","link":"https:\/\/avantesocial.org.br\/en\/profissional-do-hospital-conde-modesto-leal-representara-marica-e-o-instituto-avante-social-em-congresso-latino-americano-de-cuidados-paliativos\/","title":{"rendered":"Profissional do Hospital Conde Modesto Leal representa Maric\u00e1 e o Instituto Avante Social em Congresso latino-americano de Cuidados Paliativos"},"content":{"rendered":"<p>O m\u00e9dico <strong>Gabriel Cimada<\/strong>, que atua no <strong>Hospital Municipal Conde Modesto Leal<\/strong>, unidade sob gest\u00e3o do <strong>Instituto Avante Social<\/strong>, est\u00e1 representando a institui\u00e7\u00e3o no <strong>XII Congresso Latino-Americano de Cuidados Paliativos<\/strong>, um dos eventos mais relevantes da \u00e1rea na Am\u00e9rica Latina.<\/p>\n\n\n\n<p>O congresso re\u00fane especialistas, pesquisadores e institui\u00e7\u00f5es de diversos pa\u00edses latino-americanos, al\u00e9m da academia nacional de cuidados paliativos no Brasil. O encontro tem papel estrat\u00e9gico para o desenvolvimento da \u00e1rea, reunindo debates cient\u00edficos, divulga\u00e7\u00e3o de pesquisas e discuss\u00f5es sobre pol\u00edticas p\u00fablicas voltadas ao cuidado humanizado de pacientes.<\/p>\n\n\n\n<p>Durante o evento, o Dr. Gabriel apresentar\u00e1 uma experi\u00eancia desenvolvida no Hospital Conde Modesto Leal relacionada \u00e0 implementa\u00e7\u00e3o do cuidado paliativo na unidade, trabalho que tamb\u00e9m fez parte de sua disserta\u00e7\u00e3o de mestrado.<\/p>\n\n\n\n<p>A iniciativa est\u00e1 associada \u00e0 implanta\u00e7\u00e3o do programa <em>Health<\/em>c<em>are<\/em>,iniciada em 2023, e j\u00e1 apresenta resultados significativos. Entre os avan\u00e7os observados est\u00e3o a melhoria do fluxo hospitalar e a redu\u00e7\u00e3o do tempo de perman\u00eancia de pacientes internados, inclusive em setores cr\u00edticos.<\/p>\n\n\n\n<p>Segundo o m\u00e9dico, a participa\u00e7\u00e3o no congresso representa o reconhecimento de um trabalho coletivo constru\u00eddo ao longo dos \u00faltimos anos.<\/p>\n\n\n\n<p>\u201cEsse trabalho coroa um resultado de anos de dedica\u00e7\u00e3o. H\u00e1 dois anos estruturamos a comiss\u00e3o de cuidados paliativos e realizamos uma s\u00e9rie de capacita\u00e7\u00f5es com profissionais da unidade, incluindo enfermeiros, assistentes sociais, psic\u00f3logos, m\u00e9dicos e fisioterapeutas\u201d, explica.<\/p>\n\n\n\n<p>Al\u00e9m da apresenta\u00e7\u00e3o do Dr. Gabriel, outros quatro trabalhos desenvolvidos pela equipe do hospital ser\u00e3o apresentados na modalidade p\u00f4ster, refor\u00e7ando a relev\u00e2ncia da experi\u00eancia realizada na unidade.<\/p>\n\n\n\n<p>A participa\u00e7\u00e3o no congresso tamb\u00e9m abre portas para a amplia\u00e7\u00e3o das pr\u00e1ticas de cuidado paliativo dentro da institui\u00e7\u00e3o.<\/p>\n\n\n\n<p>\u201cA nossa proposta \u00e9 que essa apresenta\u00e7\u00e3o seja apenas o in\u00edcio de uma amplia\u00e7\u00e3o desse processo de assist\u00eancia. J\u00e1 conseguimos avan\u00e7os importantes com as mudan\u00e7as de protocolos e fluxos. Agora queremos ampliar ainda mais esse trabalho\u201d, destaca o m\u00e9dico.<\/p>\n\n\n\n<p>A presen\u00e7a do Hospital Conde Modesto Leal no congresso latino-americano refor\u00e7a o compromisso do Instituto Avante Social com a qualifica\u00e7\u00e3o da assist\u00eancia e com o desenvolvimento de pr\u00e1ticas de sa\u00fade cada vez mais humanas, integradas e baseadas em evid\u00eancias.<\/p>","protected":false},"excerpt":{"rendered":"<p>O m\u00e9dico Gabriel Cimada, que atua no Hospital Municipal Conde Modesto Leal, unidade sob gest\u00e3o do Instituto Avante Social, est\u00e1 representando a institui\u00e7\u00e3o no XII Congresso Latino-Americano de Cuidados Paliativos, um dos eventos mais relevantes da \u00e1rea na Am\u00e9rica Latina. O congresso re\u00fane especialistas, pesquisadores e institui\u00e7\u00f5es de diversos pa\u00edses latino-americanos, al\u00e9m da academia nacional [&hellip;]<\/p>","protected":false},"author":2,"featured_media":6454,"comment_status":"closed","ping_status":"closed","sticky":false,"template":"","format":"standard","meta":{"_acf_changed":false,"footnotes":""},"categories":[1],"tags":[],"class_list":["post-6453","post","type-post","status-publish","format-standard","has-post-thumbnail","hentry","category-blog"],"acf":[],"yoast_head":"<!-- This site is optimized with the Yoast SEO plugin v27.5 - https:\/\/yoast.com\/product\/yoast-seo-wordpress\/ -->\n<title>Profissional do Hospital Conde Modesto Leal representa Maric\u00e1 e o Instituto Avante Social em Congresso latino-americano de Cuidados Paliativos - Avante Social<\/title>\n<meta name=\"robots\" content=\"index, follow, max-snippet:-1, max-image-preview:large, max-video-preview:-1\" \/>\n<link rel=\"canonical\" href=\"https:\/\/avantesocial.org.br\/en\/profissional-do-hospital-conde-modesto-leal-representara-marica-e-o-instituto-avante-social-em-congresso-latino-americano-de-cuidados-paliativos\/\" \/>\n<meta property=\"og:locale\" content=\"en_US\" \/>\n<meta property=\"og:type\" content=\"article\" \/>\n<meta property=\"og:title\" content=\"Profissional do Hospital Conde Modesto Leal representa Maric\u00e1 e o Instituto Avante Social em Congresso latino-americano de Cuidados Paliativos - Avante Social\" \/>\n<meta property=\"og:description\" content=\"O m\u00e9dico Gabriel Cimada, que atua no Hospital Municipal Conde Modesto Leal, unidade sob gest\u00e3o do Instituto Avante Social, est\u00e1 representando a institui\u00e7\u00e3o no XII Congresso Latino-Americano de Cuidados Paliativos, um dos eventos mais relevantes da \u00e1rea na Am\u00e9rica Latina. O congresso re\u00fane especialistas, pesquisadores e institui\u00e7\u00f5es de diversos pa\u00edses latino-americanos, al\u00e9m da academia nacional [&hellip;]\" \/>\n<meta property=\"og:url\" content=\"https:\/\/avantesocial.org.br\/en\/profissional-do-hospital-conde-modesto-leal-representara-marica-e-o-instituto-avante-social-em-congresso-latino-americano-de-cuidados-paliativos\/\" \/>\n<meta property=\"og:site_name\" content=\"Avante Social\" \/>\n<meta property=\"article:published_time\" content=\"2026-03-13T20:17:50+00:00\" \/>\n<meta property=\"article:modified_time\" content=\"2026-03-13T20:19:54+00:00\" \/>\n<meta property=\"og:image\" content=\"https:\/\/avantesocial.org.br\/wp-content\/uploads\/2026\/03\/Fotos_Noticias_Avante_Social__IDDS.jpg\" \/>\n\t<meta property=\"og:image:width\" content=\"262\" \/>\n\t<meta property=\"og:image:height\" content=\"272\" \/>\n\t<meta property=\"og:image:type\" content=\"image\/jpeg\" \/>\n<meta name=\"author\" content=\"Jessica Duque\" \/>\n<meta name=\"twitter:card\" content=\"summary_large_image\" \/>\n<meta name=\"twitter:label1\" content=\"Written by\" \/>\n\t<meta name=\"twitter:data1\" content=\"Jessica Duque\" \/>\n\t<meta name=\"twitter:label2\" content=\"Est. reading time\" \/>\n\t<meta name=\"twitter:data2\" content=\"3 minutes\" \/>\n<script type=\"application\/ld+json\" class=\"yoast-schema-graph\">{\"@context\":\"https:\\\/\\\/schema.org\",\"@graph\":[{\"@type\":\"Article\",\"@id\":\"https:\\\/\\\/avantesocial.org.br\\\/profissional-do-hospital-conde-modesto-leal-representara-marica-e-o-instituto-avante-social-em-congresso-latino-americano-de-cuidados-paliativos\\\/#article\",\"isPartOf\":{\"@id\":\"https:\\\/\\\/avantesocial.org.br\\\/profissional-do-hospital-conde-modesto-leal-representara-marica-e-o-instituto-avante-social-em-congresso-latino-americano-de-cuidados-paliativos\\\/\"},\"author\":{\"name\":\"Jessica Duque\",\"@id\":\"https:\\\/\\\/avantesocial.org.br\\\/#\\\/schema\\\/person\\\/c12fca47c0518d3b3f4699d8758cdaaa\"},\"headline\":\"Profissional do Hospital Conde Modesto Leal representa Maric\u00e1 e o Instituto Avante Social em Congresso latino-americano de Cuidados Paliativos\",\"datePublished\":\"2026-03-13T20:17:50+00:00\",\"dateModified\":\"2026-03-13T20:19:54+00:00\",\"mainEntityOfPage\":{\"@id\":\"https:\\\/\\\/avantesocial.org.br\\\/profissional-do-hospital-conde-modesto-leal-representara-marica-e-o-instituto-avante-social-em-congresso-latino-americano-de-cuidados-paliativos\\\/\"},\"wordCount\":415,\"publisher\":{\"@id\":\"https:\\\/\\\/avantesocial.org.br\\\/#organization\"},\"image\":{\"@id\":\"https:\\\/\\\/avantesocial.org.br\\\/profissional-do-hospital-conde-modesto-leal-representara-marica-e-o-instituto-avante-social-em-congresso-latino-americano-de-cuidados-paliativos\\\/#primaryimage\"},\"thumbnailUrl\":\"https:\\\/\\\/avantesocial.org.br\\\/wp-content\\\/uploads\\\/2026\\\/03\\\/Fotos_Noticias_Avante_Social__IDDS.jpg\",\"articleSection\":[\"Blog\"],\"inLanguage\":\"en-US\"},{\"@type\":\"WebPage\",\"@id\":\"https:\\\/\\\/avantesocial.org.br\\\/profissional-do-hospital-conde-modesto-leal-representara-marica-e-o-instituto-avante-social-em-congresso-latino-americano-de-cuidados-paliativos\\\/\",\"url\":\"https:\\\/\\\/avantesocial.org.br\\\/profissional-do-hospital-conde-modesto-leal-representara-marica-e-o-instituto-avante-social-em-congresso-latino-americano-de-cuidados-paliativos\\\/\",\"name\":\"Profissional do Hospital Conde Modesto Leal representa Maric\u00e1 e o Instituto Avante Social em Congresso latino-americano de Cuidados Paliativos - Avante Social\",\"isPartOf\":{\"@id\":\"https:\\\/\\\/avantesocial.org.br\\\/#website\"},\"primaryImageOfPage\":{\"@id\":\"https:\\\/\\\/avantesocial.org.br\\\/profissional-do-hospital-conde-modesto-leal-representara-marica-e-o-instituto-avante-social-em-congresso-latino-americano-de-cuidados-paliativos\\\/#primaryimage\"},\"image\":{\"@id\":\"https:\\\/\\\/avantesocial.org.br\\\/profissional-do-hospital-conde-modesto-leal-representara-marica-e-o-instituto-avante-social-em-congresso-latino-americano-de-cuidados-paliativos\\\/#primaryimage\"},\"thumbnailUrl\":\"https:\\\/\\\/avantesocial.org.br\\\/wp-content\\\/uploads\\\/2026\\\/03\\\/Fotos_Noticias_Avante_Social__IDDS.jpg\",\"datePublished\":\"2026-03-13T20:17:50+00:00\",\"dateModified\":\"2026-03-13T20:19:54+00:00\",\"breadcrumb\":{\"@id\":\"https:\\\/\\\/avantesocial.org.br\\\/profissional-do-hospital-conde-modesto-leal-representara-marica-e-o-instituto-avante-social-em-congresso-latino-americano-de-cuidados-paliativos\\\/#breadcrumb\"},\"inLanguage\":\"en-US\",\"potentialAction\":[{\"@type\":\"ReadAction\",\"target\":[\"https:\\\/\\\/avantesocial.org.br\\\/profissional-do-hospital-conde-modesto-leal-representara-marica-e-o-instituto-avante-social-em-congresso-latino-americano-de-cuidados-paliativos\\\/\"]}]},{\"@type\":\"ImageObject\",\"inLanguage\":\"en-US\",\"@id\":\"https:\\\/\\\/avantesocial.org.br\\\/profissional-do-hospital-conde-modesto-leal-representara-marica-e-o-instituto-avante-social-em-congresso-latino-americano-de-cuidados-paliativos\\\/#primaryimage\",\"url\":\"https:\\\/\\\/avantesocial.org.br\\\/wp-content\\\/uploads\\\/2026\\\/03\\\/Fotos_Noticias_Avante_Social__IDDS.jpg\",\"contentUrl\":\"https:\\\/\\\/avantesocial.org.br\\\/wp-content\\\/uploads\\\/2026\\\/03\\\/Fotos_Noticias_Avante_Social__IDDS.jpg\",\"width\":262,\"height\":272},{\"@type\":\"BreadcrumbList\",\"@id\":\"https:\\\/\\\/avantesocial.org.br\\\/profissional-do-hospital-conde-modesto-leal-representara-marica-e-o-instituto-avante-social-em-congresso-latino-americano-de-cuidados-paliativos\\\/#breadcrumb\",\"itemListElement\":[{\"@type\":\"ListItem\",\"position\":1,\"name\":\"In\u00edcio\",\"item\":\"https:\\\/\\\/avantesocial.org.br\\\/\"},{\"@type\":\"ListItem\",\"position\":2,\"name\":\"Profissional do Hospital Conde Modesto Leal representa Maric\u00e1 e o Instituto Avante Social em Congresso latino-americano de Cuidados Paliativos\"}]},{\"@type\":\"WebSite\",\"@id\":\"https:\\\/\\\/avantesocial.org.br\\\/#website\",\"url\":\"https:\\\/\\\/avantesocial.org.br\\\/\",\"name\":\"Avante Social\",\"description\":\"\",\"publisher\":{\"@id\":\"https:\\\/\\\/avantesocial.org.br\\\/#organization\"},\"potentialAction\":[{\"@type\":\"SearchAction\",\"target\":{\"@type\":\"EntryPoint\",\"urlTemplate\":\"https:\\\/\\\/avantesocial.org.br\\\/?s={search_term_string}\"},\"query-input\":{\"@type\":\"PropertyValueSpecification\",\"valueRequired\":true,\"valueName\":\"search_term_string\"}}],\"inLanguage\":\"en-US\"},{\"@type\":\"Organization\",\"@id\":\"https:\\\/\\\/avantesocial.org.br\\\/#organization\",\"name\":\"Avante Social\",\"url\":\"https:\\\/\\\/avantesocial.org.br\\\/\",\"logo\":{\"@type\":\"ImageObject\",\"inLanguage\":\"en-US\",\"@id\":\"https:\\\/\\\/avantesocial.org.br\\\/#\\\/schema\\\/logo\\\/image\\\/\",\"url\":\"https:\\\/\\\/avantesocial.org.br\\\/wp-content\\\/uploads\\\/2023\\\/11\\\/Logo-avante.png\",\"contentUrl\":\"https:\\\/\\\/avantesocial.org.br\\\/wp-content\\\/uploads\\\/2023\\\/11\\\/Logo-avante.png\",\"width\":447,\"height\":115,\"caption\":\"Avante Social\"},\"image\":{\"@id\":\"https:\\\/\\\/avantesocial.org.br\\\/#\\\/schema\\\/logo\\\/image\\\/\"}},{\"@type\":\"Person\",\"@id\":\"https:\\\/\\\/avantesocial.org.br\\\/#\\\/schema\\\/person\\\/c12fca47c0518d3b3f4699d8758cdaaa\",\"name\":\"Jessica Duque\",\"image\":{\"@type\":\"ImageObject\",\"inLanguage\":\"en-US\",\"@id\":\"https:\\\/\\\/avantesocial.org.br\\\/wp-content\\\/litespeed\\\/avatar\\\/c08a75ff1d3168e8bc0b334f6ef8e4f7.jpg?ver=1777323167\",\"url\":\"https:\\\/\\\/avantesocial.org.br\\\/wp-content\\\/litespeed\\\/avatar\\\/c08a75ff1d3168e8bc0b334f6ef8e4f7.jpg?ver=1777323167\",\"contentUrl\":\"https:\\\/\\\/avantesocial.org.br\\\/wp-content\\\/litespeed\\\/avatar\\\/c08a75ff1d3168e8bc0b334f6ef8e4f7.jpg?ver=1777323167\",\"caption\":\"Jessica Duque\"},\"url\":\"https:\\\/\\\/avantesocial.org.br\\\/en\\\/author\\\/admin1\\\/\"}]}<\/script>\n<!-- \/ Yoast SEO plugin. -->","yoast_head_json":{"title":"Profissional do Hospital Conde Modesto Leal representa Maric\u00e1 e o Instituto Avante Social em Congresso latino-americano de Cuidados Paliativos - Avante Social","robots":{"index":"index","follow":"follow","max-snippet":"max-snippet:-1","max-image-preview":"max-image-preview:large","max-video-preview":"max-video-preview:-1"},"canonical":"https:\/\/avantesocial.org.br\/en\/profissional-do-hospital-conde-modesto-leal-representara-marica-e-o-instituto-avante-social-em-congresso-latino-americano-de-cuidados-paliativos\/","og_locale":"en_US","og_type":"article","og_title":"Profissional do Hospital Conde Modesto Leal representa Maric\u00e1 e o Instituto Avante Social em Congresso latino-americano de Cuidados Paliativos - Avante Social","og_description":"O m\u00e9dico Gabriel Cimada, que atua no Hospital Municipal Conde Modesto Leal, unidade sob gest\u00e3o do Instituto Avante Social, est\u00e1 representando a institui\u00e7\u00e3o no XII Congresso Latino-Americano de Cuidados Paliativos, um dos eventos mais relevantes da \u00e1rea na Am\u00e9rica Latina. O congresso re\u00fane especialistas, pesquisadores e institui\u00e7\u00f5es de diversos pa\u00edses latino-americanos, al\u00e9m da academia nacional [&hellip;]","og_url":"https:\/\/avantesocial.org.br\/en\/profissional-do-hospital-conde-modesto-leal-representara-marica-e-o-instituto-avante-social-em-congresso-latino-americano-de-cuidados-paliativos\/","og_site_name":"Avante Social","article_published_time":"2026-03-13T20:17:50+00:00","article_modified_time":"2026-03-13T20:19:54+00:00","og_image":[{"width":262,"height":272,"url":"https:\/\/avantesocial.org.br\/wp-content\/uploads\/2026\/03\/Fotos_Noticias_Avante_Social__IDDS.jpg","type":"image\/jpeg"}],"author":"Jessica Duque","twitter_card":"summary_large_image","twitter_misc":{"Written by":"Jessica Duque","Est. reading time":"3 minutes"},"schema":{"@context":"https:\/\/schema.org","@graph":[{"@type":"Article","@id":"https:\/\/avantesocial.org.br\/profissional-do-hospital-conde-modesto-leal-representara-marica-e-o-instituto-avante-social-em-congresso-latino-americano-de-cuidados-paliativos\/#article","isPartOf":{"@id":"https:\/\/avantesocial.org.br\/profissional-do-hospital-conde-modesto-leal-representara-marica-e-o-instituto-avante-social-em-congresso-latino-americano-de-cuidados-paliativos\/"},"author":{"name":"Jessica Duque","@id":"https:\/\/avantesocial.org.br\/#\/schema\/person\/c12fca47c0518d3b3f4699d8758cdaaa"},"headline":"Profissional do Hospital Conde Modesto Leal representa Maric\u00e1 e o Instituto Avante Social em Congresso latino-americano de Cuidados Paliativos","datePublished":"2026-03-13T20:17:50+00:00","dateModified":"2026-03-13T20:19:54+00:00","mainEntityOfPage":{"@id":"https:\/\/avantesocial.org.br\/profissional-do-hospital-conde-modesto-leal-representara-marica-e-o-instituto-avante-social-em-congresso-latino-americano-de-cuidados-paliativos\/"},"wordCount":415,"publisher":{"@id":"https:\/\/avantesocial.org.br\/#organization"},"image":{"@id":"https:\/\/avantesocial.org.br\/profissional-do-hospital-conde-modesto-leal-representara-marica-e-o-instituto-avante-social-em-congresso-latino-americano-de-cuidados-paliativos\/#primaryimage"},"thumbnailUrl":"https:\/\/avantesocial.org.br\/wp-content\/uploads\/2026\/03\/Fotos_Noticias_Avante_Social__IDDS.jpg","articleSection":["Blog"],"inLanguage":"en-US"},{"@type":"WebPage","@id":"https:\/\/avantesocial.org.br\/profissional-do-hospital-conde-modesto-leal-representara-marica-e-o-instituto-avante-social-em-congresso-latino-americano-de-cuidados-paliativos\/","url":"https:\/\/avantesocial.org.br\/profissional-do-hospital-conde-modesto-leal-representara-marica-e-o-instituto-avante-social-em-congresso-latino-americano-de-cuidados-paliativos\/","name":"Profissional do Hospital Conde Modesto Leal representa Maric\u00e1 e o Instituto Avante Social em Congresso latino-americano de Cuidados Paliativos - Avante Social","isPartOf":{"@id":"https:\/\/avantesocial.org.br\/#website"},"primaryImageOfPage":{"@id":"https:\/\/avantesocial.org.br\/profissional-do-hospital-conde-modesto-leal-representara-marica-e-o-instituto-avante-social-em-congresso-latino-americano-de-cuidados-paliativos\/#primaryimage"},"image":{"@id":"https:\/\/avantesocial.org.br\/profissional-do-hospital-conde-modesto-leal-representara-marica-e-o-instituto-avante-social-em-congresso-latino-americano-de-cuidados-paliativos\/#primaryimage"},"thumbnailUrl":"https:\/\/avantesocial.org.br\/wp-content\/uploads\/2026\/03\/Fotos_Noticias_Avante_Social__IDDS.jpg","datePublished":"2026-03-13T20:17:50+00:00","dateModified":"2026-03-13T20:19:54+00:00","breadcrumb":{"@id":"https:\/\/avantesocial.org.br\/profissional-do-hospital-conde-modesto-leal-representara-marica-e-o-instituto-avante-social-em-congresso-latino-americano-de-cuidados-paliativos\/#breadcrumb"},"inLanguage":"en-US","potentialAction":[{"@type":"ReadAction","target":["https:\/\/avantesocial.org.br\/profissional-do-hospital-conde-modesto-leal-representara-marica-e-o-instituto-avante-social-em-congresso-latino-americano-de-cuidados-paliativos\/"]}]},{"@type":"ImageObject","inLanguage":"en-US","@id":"https:\/\/avantesocial.org.br\/profissional-do-hospital-conde-modesto-leal-representara-marica-e-o-instituto-avante-social-em-congresso-latino-americano-de-cuidados-paliativos\/#primaryimage","url":"https:\/\/avantesocial.org.br\/wp-content\/uploads\/2026\/03\/Fotos_Noticias_Avante_Social__IDDS.jpg","contentUrl":"https:\/\/avantesocial.org.br\/wp-content\/uploads\/2026\/03\/Fotos_Noticias_Avante_Social__IDDS.jpg","width":262,"height":272},{"@type":"BreadcrumbList","@id":"https:\/\/avantesocial.org.br\/profissional-do-hospital-conde-modesto-leal-representara-marica-e-o-instituto-avante-social-em-congresso-latino-americano-de-cuidados-paliativos\/#breadcrumb","itemListElement":[{"@type":"ListItem","position":1,"name":"In\u00edcio","item":"https:\/\/avantesocial.org.br\/"},{"@type":"ListItem","position":2,"name":"Profissional do Hospital Conde Modesto Leal representa Maric\u00e1 e o Instituto Avante Social em Congresso latino-americano de Cuidados Paliativos"}]},{"@type":"WebSite","@id":"https:\/\/avantesocial.org.br\/#website","url":"https:\/\/avantesocial.org.br\/","name":"Avante Social","description":"","publisher":{"@id":"https:\/\/avantesocial.org.br\/#organization"},"potentialAction":[{"@type":"SearchAction","target":{"@type":"EntryPoint","urlTemplate":"https:\/\/avantesocial.org.br\/?s={search_term_string}"},"query-input":{"@type":"PropertyValueSpecification","valueRequired":true,"valueName":"search_term_string"}}],"inLanguage":"en-US"},{"@type":"Organization","@id":"https:\/\/avantesocial.org.br\/#organization","name":"Avante Social","url":"https:\/\/avantesocial.org.br\/","logo":{"@type":"ImageObject","inLanguage":"en-US","@id":"https:\/\/avantesocial.org.br\/#\/schema\/logo\/image\/","url":"https:\/\/avantesocial.org.br\/wp-content\/uploads\/2023\/11\/Logo-avante.png","contentUrl":"https:\/\/avantesocial.org.br\/wp-content\/uploads\/2023\/11\/Logo-avante.png","width":447,"height":115,"caption":"Avante Social"},"image":{"@id":"https:\/\/avantesocial.org.br\/#\/schema\/logo\/image\/"}},{"@type":"Person","@id":"https:\/\/avantesocial.org.br\/#\/schema\/person\/c12fca47c0518d3b3f4699d8758cdaaa","name":"Jessica Duque","image":{"@type":"ImageObject","inLanguage":"en-US","@id":"https:\/\/avantesocial.org.br\/wp-content\/litespeed\/avatar\/c08a75ff1d3168e8bc0b334f6ef8e4f7.jpg?ver=1777323167","url":"https:\/\/avantesocial.org.br\/wp-content\/litespeed\/avatar\/c08a75ff1d3168e8bc0b334f6ef8e4f7.jpg?ver=1777323167","contentUrl":"https:\/\/avantesocial.org.br\/wp-content\/litespeed\/avatar\/c08a75ff1d3168e8bc0b334f6ef8e4f7.jpg?ver=1777323167","caption":"Jessica Duque"},"url":"https:\/\/avantesocial.org.br\/en\/author\/admin1\/"}]}},"_links":{"self":[{"href":"https:\/\/avantesocial.org.br\/en\/wp-json\/wp\/v2\/posts\/6453","targetHints":{"allow":["GET"]}}],"collection":[{"href":"https:\/\/avantesocial.org.br\/en\/wp-json\/wp\/v2\/posts"}],"about":[{"href":"https:\/\/avantesocial.org.br\/en\/wp-json\/wp\/v2\/types\/post"}],"author":[{"embeddable":true,"href":"https:\/\/avantesocial.org.br\/en\/wp-json\/wp\/v2\/users\/2"}],"replies":[{"embeddable":true,"href":"https:\/\/avantesocial.org.br\/en\/wp-json\/wp\/v2\/comments?post=6453"}],"version-history":[{"count":3,"href":"https:\/\/avantesocial.org.br\/en\/wp-json\/wp\/v2\/posts\/6453\/revisions"}],"predecessor-version":[{"id":6458,"href":"https:\/\/avantesocial.org.br\/en\/wp-json\/wp\/v2\/posts\/6453\/revisions\/6458"}],"wp:featuredmedia":[{"embeddable":true,"href":"https:\/\/avantesocial.org.br\/en\/wp-json\/wp\/v2\/media\/6454"}],"wp:attachment":[{"href":"https:\/\/avantesocial.org.br\/en\/wp-json\/wp\/v2\/media?parent=6453"}],"wp:term":[{"taxonomy":"category","embeddable":true,"href":"https:\/\/avantesocial.org.br\/en\/wp-json\/wp\/v2\/categories?post=6453"},{"taxonomy":"post_tag","embeddable":true,"href":"https:\/\/avantesocial.org.br\/en\/wp-json\/wp\/v2\/tags?post=6453"}],"curies":[{"name":"wp","href":"https:\/\/api.w.org\/{rel}","templated":true}]}}